{"id":2149,"date":"2021-01-17T18:34:58","date_gmt":"2021-01-17T17:34:58","guid":{"rendered":"https:\/\/oamarquitectos.es\/casa-nube-2\/"},"modified":"2021-02-01T12:50:57","modified_gmt":"2021-02-01T11:50:57","slug":"casa-nube-2","status":"publish","type":"post","link":"https:\/\/oamarquitectos.es\/en\/casa-nube-2\/","title":{"rendered":"CLOUD HOUSE"},"content":{"rendered":"<div class=\"gb-grid-wrapper gb-grid-wrapper-56dfad30\">\n<div class=\"gb-grid-column gb-grid-column-deb8f926\"><div class=\"gb-container gb-container-deb8f926\"><div class=\"gb-inside-container\">\n<div class=\"gb-container gb-container-2f2fe3c3\"><div class=\"gb-inside-container\">\n\n<figure class=\"wp-block-image size-large\"><img decoding=\"async\" width=\"1024\" height=\"576\" src=\"https:\/\/oamarquitectos.es\/wp-content\/uploads\/2020\/12\/01-4-1024x576.jpg\" alt=\"\" class=\"wp-image-2009\" srcset=\"https:\/\/oamarquitectos.es\/wp-content\/uploads\/2020\/12\/01-4-1024x576.jpg 1024w, https:\/\/oamarquitectos.es\/wp-content\/uploads\/2020\/12\/01-4-300x169.jpg 300w, https:\/\/oamarquitectos.es\/wp-content\/uploads\/2020\/12\/01-4-768x432.jpg 768w, https:\/\/oamarquitectos.es\/wp-content\/uploads\/2020\/12\/01-4-1536x864.jpg 1536w, https:\/\/oamarquitectos.es\/wp-content\/uploads\/2020\/12\/01-4.jpg 1920w\" sizes=\"(max-width: 1024px) 100vw, 1024px\" \/><\/figure>\n\n\n\n<div style=\"height:30px\" aria-hidden=\"true\" class=\"wp-block-spacer\"><\/div>\n\n\n\n<h1 class=\"has-text-align-center wp-block-heading\">CLOUD HOUSE<\/h1>\n\n\n<div class=\"gb-grid-wrapper gb-grid-wrapper-92a983fc\">\n<div class=\"gb-grid-column gb-grid-column-7db7fbbd\"><div class=\"gb-container gb-container-7db7fbbd\"><div class=\"gb-inside-container\">\n\n<p class=\"has-text-color\" style=\"color:#91989d;font-size:14px\"><em>El proyecto cuida la privacidad, el soleamiento y la relaci\u00f3n con el espacio ajardinado.<\/em><\/p>\n\n\n\n<figure class=\"wp-block-image size-full is-resized\"><img decoding=\"async\" src=\"https:\/\/oamarquitectos.es\/wp-content\/uploads\/2020\/12\/CASA-NUBE-1.jpg\" alt=\"\" class=\"wp-image-2004\" width=\"285\" height=\"227\" srcset=\"https:\/\/oamarquitectos.es\/wp-content\/uploads\/2020\/12\/CASA-NUBE-1.jpg 1138w, https:\/\/oamarquitectos.es\/wp-content\/uploads\/2020\/12\/CASA-NUBE-1-300x239.jpg 300w, https:\/\/oamarquitectos.es\/wp-content\/uploads\/2020\/12\/CASA-NUBE-1-1024x815.jpg 1024w, https:\/\/oamarquitectos.es\/wp-content\/uploads\/2020\/12\/CASA-NUBE-1-768x611.jpg 768w\" sizes=\"(max-width: 285px) 100vw, 285px\" \/><\/figure>\n\n<\/div><\/div><\/div>\n<\/div>\n\n<div id=\"envira-gallery-wrap-2007\" class=\"envira-gallery-wrap envira-lazy-loading-enabled envira-layout-automatic\" itemscope itemtype=\"https:\/\/schema.org\/ImageGallery\"><div class=\"envira-loader\"><div><\/div><div><\/div><div><\/div><div><\/div><\/div><div id=\"envira-gallery-2007\" class=\"envira-gallery-public envira-gallery-0-columns envira-clear envira-gallery-justified-public\" data-envira-id=\"2007\" data-gallery-config='{\"type\":\"default\",\"columns\":\"0\",\"gallery_theme\":\"base\",\"justified_margins\":1,\"gutter\":10,\"margin\":10,\"image_size\":\"default\",\"crop_width\":640,\"crop_height\":480,\"crop\":0,\"lazy_loading\":1,\"lazy_loading_delay\":500,\"justified_row_height\":150,\"lightbox_enabled\":1,\"gallery_link_enabled\":0,\"lightbox_theme\":\"base_dark\",\"lightbox_image_size\":\"default\",\"title_display\":\"float\",\"classes\":[\"\"],\"rtl\":0,\"title\":\"CASA NUBE\",\"slug\":\"casa-nube\",\"layout\":\"automatic\",\"justified_last_row\":\"nojustify\",\"square_size\":300,\"crop_position\":\"c\",\"additional_copy_0\":0,\"additional_copy_title\":0,\"additional_copy_caption\":0,\"additional_copy_title_caption\":0,\"additional_copy_0_mobile\":0,\"additional_copy_title_mobile\":0,\"additional_copy_caption_mobile\":0,\"additional_copy_title_caption_mobile\":0,\"gallery_column_title_caption\":\"0\",\"gallery_column_title_caption_mobile\":\"0\",\"additional_copy_automatic_0\":0,\"additional_copy_automatic_title\":0,\"additional_copy_automatic_caption\":0,\"additional_copy_automatic_title_caption\":0,\"additional_copy_automatic_0_mobile\":0,\"additional_copy_automatic_title_mobile\":0,\"additional_copy_automatic_caption_mobile\":0,\"additional_copy_automatic_title_caption_mobile\":0,\"gallery_automatic_title_caption\":\"0\",\"gallery_automatic_title_caption_mobile\":\"0\",\"description_position\":\"0\",\"description\":\"\",\"random\":\"0\",\"sort_order\":\"0\",\"sorting_direction\":\"ASC\",\"image_sizes_random\":[],\"isotope\":0,\"lightbox_title_caption\":\"0\",\"arrows\":1,\"arrows_position\":\"inside\",\"toolbar\":0,\"toolbar_title\":0,\"toolbar_position\":\"top\",\"loop\":1,\"lightbox_open_close_effect\":\"fade\",\"effect\":\"fade\",\"supersize\":0,\"thumbnails_toggle\":0,\"thumbnails_hide\":0,\"image_counter\":0,\"thumbnails\":1,\"thumbnails_width\":\"auto\",\"thumbnails_height\":\"auto\",\"thumbnails_position\":\"bottom\",\"thumbnails_custom_size\":0,\"mobile\":1,\"mobile_width\":320,\"mobile_height\":240,\"mobile_lightbox\":1,\"mobile_gallery_link_enabled\":0,\"mobile_arrows\":1,\"mobile_toolbar\":1,\"mobile_thumbnails\":0,\"mobile_touchwipe_close\":0,\"mobile_thumbnails_width\":75,\"mobile_thumbnails_height\":240,\"mobile_justified_row_height\":80,\"keyboard\":true,\"gallery_id\":\"2007\"}' data-gallery-images='[{\"status\":\"active\",\"src\":\"https:\\\/\\\/oamarquitectos.es\\\/wp-content\\\/uploads\\\/2020\\\/12\\\/01-4.jpg\",\"title\":\"01\",\"link\":\"https:\\\/\\\/oamarquitectos.es\\\/wp-content\\\/uploads\\\/2020\\\/12\\\/01-4.jpg\",\"alt\":\"\",\"caption\":false,\"thumb\":\"https:\\\/\\\/oamarquitectos.es\\\/wp-content\\\/uploads\\\/2020\\\/12\\\/01-4-75x50_c.jpg\",\"meta\":{\"aperture\":null,\"credit\":null,\"camera\":null,\"caption\":\"\",\"created_timestamp\":null,\"copyright\":null,\"focal_length\":null,\"iso\":null,\"shutter_speed\":null,\"title\":\"\",\"orientation\":null,\"keywords\":null,\"resized_images\":null},\"thumbnail\":\"https:\\\/\\\/oamarquitectos.es\\\/wp-content\\\/uploads\\\/2020\\\/12\\\/01-4-150x150.jpg\",\"medium\":\"https:\\\/\\\/oamarquitectos.es\\\/wp-content\\\/uploads\\\/2020\\\/12\\\/01-4-300x169.jpg\",\"medium_large\":\"https:\\\/\\\/oamarquitectos.es\\\/wp-content\\\/uploads\\\/2020\\\/12\\\/01-4-768x432.jpg\",\"large\":\"https:\\\/\\\/oamarquitectos.es\\\/wp-content\\\/uploads\\\/2020\\\/12\\\/01-4-1024x576.jpg\",\"1536x1536\":\"https:\\\/\\\/oamarquitectos.es\\\/wp-content\\\/uploads\\\/2020\\\/12\\\/01-4-1536x864.jpg\",\"2048x2048\":\"https:\\\/\\\/oamarquitectos.es\\\/wp-content\\\/uploads\\\/2020\\\/12\\\/01-4.jpg\",\"full\":\"https:\\\/\\\/oamarquitectos.es\\\/wp-content\\\/uploads\\\/2020\\\/12\\\/01-4.jpg\",\"index\":0,\"id\":2008,\"video\":false,\"opts\":{\"caption\":\"\",\"thumb\":\"https:\\\/\\\/oamarquitectos.es\\\/wp-content\\\/uploads\\\/2020\\\/12\\\/01-4-75x50_c.jpg\",\"title\":\"01\"},\"gallery_id\":\"2007\"},{\"status\":\"active\",\"src\":\"https:\\\/\\\/oamarquitectos.es\\\/wp-content\\\/uploads\\\/2020\\\/12\\\/02-3.jpg\",\"title\":\"02\",\"link\":\"https:\\\/\\\/oamarquitectos.es\\\/wp-content\\\/uploads\\\/2020\\\/12\\\/02-3.jpg\",\"alt\":\"\",\"caption\":false,\"thumb\":\"https:\\\/\\\/oamarquitectos.es\\\/wp-content\\\/uploads\\\/2020\\\/12\\\/02-3-75x50_c.jpg\",\"meta\":{\"aperture\":null,\"credit\":null,\"camera\":null,\"caption\":\"\",\"created_timestamp\":null,\"copyright\":null,\"focal_length\":null,\"iso\":null,\"shutter_speed\":null,\"title\":\"\",\"orientation\":null,\"keywords\":null,\"resized_images\":null},\"thumbnail\":\"https:\\\/\\\/oamarquitectos.es\\\/wp-content\\\/uploads\\\/2020\\\/12\\\/02-3-150x150.jpg\",\"medium\":\"https:\\\/\\\/oamarquitectos.es\\\/wp-content\\\/uploads\\\/2020\\\/12\\\/02-3-300x169.jpg\",\"medium_large\":\"https:\\\/\\\/oamarquitectos.es\\\/wp-content\\\/uploads\\\/2020\\\/12\\\/02-3-768x432.jpg\",\"large\":\"https:\\\/\\\/oamarquitectos.es\\\/wp-content\\\/uploads\\\/2020\\\/12\\\/02-3-1024x576.jpg\",\"1536x1536\":\"https:\\\/\\\/oamarquitectos.es\\\/wp-content\\\/uploads\\\/2020\\\/12\\\/02-3-1536x864.jpg\",\"2048x2048\":\"https:\\\/\\\/oamarquitectos.es\\\/wp-content\\\/uploads\\\/2020\\\/12\\\/02-3.jpg\",\"full\":\"https:\\\/\\\/oamarquitectos.es\\\/wp-content\\\/uploads\\\/2020\\\/12\\\/02-3.jpg\",\"index\":1,\"id\":2010,\"video\":false,\"opts\":{\"caption\":\"\",\"thumb\":\"https:\\\/\\\/oamarquitectos.es\\\/wp-content\\\/uploads\\\/2020\\\/12\\\/02-3-75x50_c.jpg\",\"title\":\"02\"},\"gallery_id\":\"2007\"},{\"status\":\"active\",\"src\":\"https:\\\/\\\/oamarquitectos.es\\\/wp-content\\\/uploads\\\/2020\\\/12\\\/03-3.jpg\",\"title\":\"03\",\"link\":\"https:\\\/\\\/oamarquitectos.es\\\/wp-content\\\/uploads\\\/2020\\\/12\\\/03-3.jpg\",\"alt\":\"\",\"caption\":false,\"thumb\":\"https:\\\/\\\/oamarquitectos.es\\\/wp-content\\\/uploads\\\/2020\\\/12\\\/03-3-75x50_c.jpg\",\"meta\":{\"aperture\":null,\"credit\":null,\"camera\":null,\"caption\":\"\",\"created_timestamp\":null,\"copyright\":null,\"focal_length\":null,\"iso\":null,\"shutter_speed\":null,\"title\":\"\",\"orientation\":null,\"keywords\":null,\"resized_images\":null},\"thumbnail\":\"https:\\\/\\\/oamarquitectos.es\\\/wp-content\\\/uploads\\\/2020\\\/12\\\/03-3-150x150.jpg\",\"medium\":\"https:\\\/\\\/oamarquitectos.es\\\/wp-content\\\/uploads\\\/2020\\\/12\\\/03-3-300x169.jpg\",\"medium_large\":\"https:\\\/\\\/oamarquitectos.es\\\/wp-content\\\/uploads\\\/2020\\\/12\\\/03-3-768x432.jpg\",\"large\":\"https:\\\/\\\/oamarquitectos.es\\\/wp-content\\\/uploads\\\/2020\\\/12\\\/03-3-1024x576.jpg\",\"1536x1536\":\"https:\\\/\\\/oamarquitectos.es\\\/wp-content\\\/uploads\\\/2020\\\/12\\\/03-3-1536x864.jpg\",\"2048x2048\":\"https:\\\/\\\/oamarquitectos.es\\\/wp-content\\\/uploads\\\/2020\\\/12\\\/03-3.jpg\",\"full\":\"https:\\\/\\\/oamarquitectos.es\\\/wp-content\\\/uploads\\\/2020\\\/12\\\/03-3.jpg\",\"index\":2,\"id\":2012,\"video\":false,\"opts\":{\"caption\":\"\",\"thumb\":\"https:\\\/\\\/oamarquitectos.es\\\/wp-content\\\/uploads\\\/2020\\\/12\\\/03-3-75x50_c.jpg\",\"title\":\"03\"},\"gallery_id\":\"2007\"},{\"status\":\"active\",\"src\":\"https:\\\/\\\/oamarquitectos.es\\\/wp-content\\\/uploads\\\/2020\\\/12\\\/04-3.jpg\",\"title\":\"04\",\"link\":\"https:\\\/\\\/oamarquitectos.es\\\/wp-content\\\/uploads\\\/2020\\\/12\\\/04-3.jpg\",\"alt\":\"\",\"caption\":false,\"thumb\":\"https:\\\/\\\/oamarquitectos.es\\\/wp-content\\\/uploads\\\/2020\\\/12\\\/04-3-75x50_c.jpg\",\"meta\":{\"aperture\":null,\"credit\":null,\"camera\":null,\"caption\":\"\",\"created_timestamp\":null,\"copyright\":null,\"focal_length\":null,\"iso\":null,\"shutter_speed\":null,\"title\":\"\",\"orientation\":null,\"keywords\":null,\"resized_images\":null},\"thumbnail\":\"https:\\\/\\\/oamarquitectos.es\\\/wp-content\\\/uploads\\\/2020\\\/12\\\/04-3-150x150.jpg\",\"medium\":\"https:\\\/\\\/oamarquitectos.es\\\/wp-content\\\/uploads\\\/2020\\\/12\\\/04-3-300x169.jpg\",\"medium_large\":\"https:\\\/\\\/oamarquitectos.es\\\/wp-content\\\/uploads\\\/2020\\\/12\\\/04-3-768x432.jpg\",\"large\":\"https:\\\/\\\/oamarquitectos.es\\\/wp-content\\\/uploads\\\/2020\\\/12\\\/04-3-1024x576.jpg\",\"1536x1536\":\"https:\\\/\\\/oamarquitectos.es\\\/wp-content\\\/uploads\\\/2020\\\/12\\\/04-3-1536x864.jpg\",\"2048x2048\":\"https:\\\/\\\/oamarquitectos.es\\\/wp-content\\\/uploads\\\/2020\\\/12\\\/04-3.jpg\",\"full\":\"https:\\\/\\\/oamarquitectos.es\\\/wp-content\\\/uploads\\\/2020\\\/12\\\/04-3.jpg\",\"index\":3,\"id\":2014,\"video\":false,\"opts\":{\"caption\":\"\",\"thumb\":\"https:\\\/\\\/oamarquitectos.es\\\/wp-content\\\/uploads\\\/2020\\\/12\\\/04-3-75x50_c.jpg\",\"title\":\"04\"},\"gallery_id\":\"2007\"},{\"status\":\"active\",\"src\":\"https:\\\/\\\/oamarquitectos.es\\\/wp-content\\\/uploads\\\/2020\\\/12\\\/05-3.jpg\",\"title\":\"05\",\"link\":\"https:\\\/\\\/oamarquitectos.es\\\/wp-content\\\/uploads\\\/2020\\\/12\\\/05-3.jpg\",\"alt\":\"\",\"caption\":false,\"thumb\":\"https:\\\/\\\/oamarquitectos.es\\\/wp-content\\\/uploads\\\/2020\\\/12\\\/05-3-75x50_c.jpg\",\"meta\":{\"aperture\":null,\"credit\":null,\"camera\":null,\"caption\":\"\",\"created_timestamp\":null,\"copyright\":null,\"focal_length\":null,\"iso\":null,\"shutter_speed\":null,\"title\":\"\",\"orientation\":null,\"keywords\":null,\"resized_images\":null},\"thumbnail\":\"https:\\\/\\\/oamarquitectos.es\\\/wp-content\\\/uploads\\\/2020\\\/12\\\/05-3-150x150.jpg\",\"medium\":\"https:\\\/\\\/oamarquitectos.es\\\/wp-content\\\/uploads\\\/2020\\\/12\\\/05-3-300x169.jpg\",\"medium_large\":\"https:\\\/\\\/oamarquitectos.es\\\/wp-content\\\/uploads\\\/2020\\\/12\\\/05-3-768x432.jpg\",\"large\":\"https:\\\/\\\/oamarquitectos.es\\\/wp-content\\\/uploads\\\/2020\\\/12\\\/05-3-1024x576.jpg\",\"1536x1536\":\"https:\\\/\\\/oamarquitectos.es\\\/wp-content\\\/uploads\\\/2020\\\/12\\\/05-3-1536x864.jpg\",\"2048x2048\":\"https:\\\/\\\/oamarquitectos.es\\\/wp-content\\\/uploads\\\/2020\\\/12\\\/05-3.jpg\",\"full\":\"https:\\\/\\\/oamarquitectos.es\\\/wp-content\\\/uploads\\\/2020\\\/12\\\/05-3.jpg\",\"index\":4,\"id\":2016,\"video\":false,\"opts\":{\"caption\":\"\",\"thumb\":\"https:\\\/\\\/oamarquitectos.es\\\/wp-content\\\/uploads\\\/2020\\\/12\\\/05-3-75x50_c.jpg\",\"title\":\"05\"},\"gallery_id\":\"2007\"},{\"status\":\"active\",\"src\":\"https:\\\/\\\/oamarquitectos.es\\\/wp-content\\\/uploads\\\/2020\\\/12\\\/06-3.jpg\",\"title\":\"06\",\"link\":\"https:\\\/\\\/oamarquitectos.es\\\/wp-content\\\/uploads\\\/2020\\\/12\\\/06-3.jpg\",\"alt\":\"\",\"caption\":false,\"thumb\":\"https:\\\/\\\/oamarquitectos.es\\\/wp-content\\\/uploads\\\/2020\\\/12\\\/06-3-75x50_c.jpg\",\"meta\":{\"aperture\":null,\"credit\":null,\"camera\":null,\"caption\":\"\",\"created_timestamp\":null,\"copyright\":null,\"focal_length\":null,\"iso\":null,\"shutter_speed\":null,\"title\":\"\",\"orientation\":null,\"keywords\":null,\"resized_images\":null},\"thumbnail\":\"https:\\\/\\\/oamarquitectos.es\\\/wp-content\\\/uploads\\\/2020\\\/12\\\/06-3-150x150.jpg\",\"medium\":\"https:\\\/\\\/oamarquitectos.es\\\/wp-content\\\/uploads\\\/2020\\\/12\\\/06-3-300x169.jpg\",\"medium_large\":\"https:\\\/\\\/oamarquitectos.es\\\/wp-content\\\/uploads\\\/2020\\\/12\\\/06-3-768x432.jpg\",\"large\":\"https:\\\/\\\/oamarquitectos.es\\\/wp-content\\\/uploads\\\/2020\\\/12\\\/06-3-1024x576.jpg\",\"1536x1536\":\"https:\\\/\\\/oamarquitectos.es\\\/wp-content\\\/uploads\\\/2020\\\/12\\\/06-3-1536x864.jpg\",\"2048x2048\":\"https:\\\/\\\/oamarquitectos.es\\\/wp-content\\\/uploads\\\/2020\\\/12\\\/06-3.jpg\",\"full\":\"https:\\\/\\\/oamarquitectos.es\\\/wp-content\\\/uploads\\\/2020\\\/12\\\/06-3.jpg\",\"index\":5,\"id\":2018,\"video\":false,\"opts\":{\"caption\":\"\",\"thumb\":\"https:\\\/\\\/oamarquitectos.es\\\/wp-content\\\/uploads\\\/2020\\\/12\\\/06-3-75x50_c.jpg\",\"title\":\"06\"},\"gallery_id\":\"2007\"},{\"status\":\"active\",\"src\":\"https:\\\/\\\/oamarquitectos.es\\\/wp-content\\\/uploads\\\/2020\\\/12\\\/07-1.jpg\",\"title\":\"07\",\"link\":\"https:\\\/\\\/oamarquitectos.es\\\/wp-content\\\/uploads\\\/2020\\\/12\\\/07-1.jpg\",\"alt\":\"\",\"caption\":false,\"thumb\":\"https:\\\/\\\/oamarquitectos.es\\\/wp-content\\\/uploads\\\/2020\\\/12\\\/07-1-75x50_c.jpg\",\"meta\":{\"aperture\":null,\"credit\":null,\"camera\":null,\"caption\":\"\",\"created_timestamp\":null,\"copyright\":null,\"focal_length\":null,\"iso\":null,\"shutter_speed\":null,\"title\":\"\",\"orientation\":null,\"keywords\":null,\"resized_images\":null},\"thumbnail\":\"https:\\\/\\\/oamarquitectos.es\\\/wp-content\\\/uploads\\\/2020\\\/12\\\/07-1-150x150.jpg\",\"medium\":\"https:\\\/\\\/oamarquitectos.es\\\/wp-content\\\/uploads\\\/2020\\\/12\\\/07-1-300x169.jpg\",\"medium_large\":\"https:\\\/\\\/oamarquitectos.es\\\/wp-content\\\/uploads\\\/2020\\\/12\\\/07-1-768x432.jpg\",\"large\":\"https:\\\/\\\/oamarquitectos.es\\\/wp-content\\\/uploads\\\/2020\\\/12\\\/07-1-1024x576.jpg\",\"1536x1536\":\"https:\\\/\\\/oamarquitectos.es\\\/wp-content\\\/uploads\\\/2020\\\/12\\\/07-1-1536x864.jpg\",\"2048x2048\":\"https:\\\/\\\/oamarquitectos.es\\\/wp-content\\\/uploads\\\/2020\\\/12\\\/07-1.jpg\",\"full\":\"https:\\\/\\\/oamarquitectos.es\\\/wp-content\\\/uploads\\\/2020\\\/12\\\/07-1.jpg\",\"index\":6,\"id\":2020,\"video\":false,\"opts\":{\"caption\":\"\",\"thumb\":\"https:\\\/\\\/oamarquitectos.es\\\/wp-content\\\/uploads\\\/2020\\\/12\\\/07-1-75x50_c.jpg\",\"title\":\"07\"},\"gallery_id\":\"2007\"},{\"status\":\"active\",\"src\":\"https:\\\/\\\/oamarquitectos.es\\\/wp-content\\\/uploads\\\/2020\\\/12\\\/08-1.jpg\",\"title\":\"08\",\"link\":\"https:\\\/\\\/oamarquitectos.es\\\/wp-content\\\/uploads\\\/2020\\\/12\\\/08-1.jpg\",\"alt\":\"\",\"caption\":false,\"thumb\":\"https:\\\/\\\/oamarquitectos.es\\\/wp-content\\\/uploads\\\/2020\\\/12\\\/08-1-75x50_c.jpg\",\"meta\":{\"aperture\":null,\"credit\":null,\"camera\":null,\"caption\":\"\",\"created_timestamp\":null,\"copyright\":null,\"focal_length\":null,\"iso\":null,\"shutter_speed\":null,\"title\":\"\",\"orientation\":null,\"keywords\":null,\"resized_images\":null},\"thumbnail\":\"https:\\\/\\\/oamarquitectos.es\\\/wp-content\\\/uploads\\\/2020\\\/12\\\/08-1-150x150.jpg\",\"medium\":\"https:\\\/\\\/oamarquitectos.es\\\/wp-content\\\/uploads\\\/2020\\\/12\\\/08-1-300x169.jpg\",\"medium_large\":\"https:\\\/\\\/oamarquitectos.es\\\/wp-content\\\/uploads\\\/2020\\\/12\\\/08-1-768x432.jpg\",\"large\":\"https:\\\/\\\/oamarquitectos.es\\\/wp-content\\\/uploads\\\/2020\\\/12\\\/08-1-1024x576.jpg\",\"1536x1536\":\"https:\\\/\\\/oamarquitectos.es\\\/wp-content\\\/uploads\\\/2020\\\/12\\\/08-1-1536x864.jpg\",\"2048x2048\":\"https:\\\/\\\/oamarquitectos.es\\\/wp-content\\\/uploads\\\/2020\\\/12\\\/08-1.jpg\",\"full\":\"https:\\\/\\\/oamarquitectos.es\\\/wp-content\\\/uploads\\\/2020\\\/12\\\/08-1.jpg\",\"index\":7,\"id\":2022,\"video\":false,\"opts\":{\"caption\":\"\",\"thumb\":\"https:\\\/\\\/oamarquitectos.es\\\/wp-content\\\/uploads\\\/2020\\\/12\\\/08-1-75x50_c.jpg\",\"title\":\"08\"},\"gallery_id\":\"2007\"}]' data-lightbox-theme='{&quot;arrows&quot;:true,&quot;margins&quot;:[120,0],&quot;gutter&quot;:&quot;100&quot;,&quot;thumbs_position&quot;:&quot;bottom&quot;,&quot;base_template&quot;:&quot;&lt;div id=\\&quot;envirabox-2007\\&quot; data-envirabox-id=\\&quot;2007\\&quot; class=\\&quot;envirabox-container envirabox-theme-base_dark envirabox-wrap\\&quot; role=\\&quot;dialog\\&quot;&gt;&lt;div class=\\&quot;envirabox-bg\\&quot;&gt;&lt;\\\/div&gt;&lt;div class=\\&quot;envirabox-outer\\&quot;&gt;&lt;div class=\\&quot;envirabox-inner\\&quot;&gt;&lt;div class=\\&quot;envirabox-caption-wrap\\&quot;&gt;&lt;\\\/div&gt;&lt;div class=\\&quot;envirabox-toolbar\\&quot;&gt;&lt;div class=\\&quot;envira-close-button\\&quot;&gt;&lt;a data-envirabox-close class=\\&quot;envirabox-item envirabox-close envirabox-button--close\\&quot; title=\\&quot;Close\\&quot; href=\\&quot;#\\&quot;&gt;&lt;\\\/a&gt;&lt;\\\/div&gt;&lt;\\\/div&gt;&lt;div class=\\&quot;envirabox-navigation\\&quot;&gt;&lt;a data-envirabox-prev title=\\&quot;Prev\\&quot; class=\\&quot;envirabox-arrow envirabox-arrow--left envirabox-nav envirabox-prev\\&quot; href=\\&quot;#\\&quot;&gt;&lt;span&gt;&lt;\\\/span&gt;&lt;\\\/a&gt;&lt;a data-envirabox-next title=\\&quot;Next\\&quot; class=\\&quot;envirabox-arrow envirabox-arrow--right envirabox-nav envirabox-next\\&quot; href=\\&quot;#\\&quot;&gt;&lt;span&gt;&lt;\\\/span&gt;&lt;\\\/a&gt;&lt;\\\/div&gt;&lt;div class=\\&quot;envirabox-stage\\&quot;&gt;&lt;\\\/div&gt;&lt;\\\/div&gt;&lt;\\\/div&gt;&lt;\\\/div&gt;&quot;,&quot;load_all&quot;:false,&quot;error_template&quot;:&quot;&lt;div class=\\&quot;envirabox-error\\&quot;&gt;&lt;p&gt;{{ERROR}}&lt;p&gt;&lt;\\\/div&gt;&quot;,&quot;inner_caption&quot;:false,&quot;caption_position&quot;:false,&quot;arrow_position&quot;:false,&quot;toolbar&quot;:true,&quot;infobar&quot;:false,&quot;show_smallbtn&quot;:false,&quot;idle_time&quot;:false,&quot;click_content&quot;:false,&quot;click_slide&quot;:false,&quot;click_outside&quot;:false,&quot;animation_duration&quot;:false,&quot;transition_duration&quot;:false,&quot;small_btn_template&quot;:&quot;&lt;a data-envirabox-close class=\\&quot;envirabox-item envirabox-close envirabox-button--close\\&quot; title=\\&quot;Close\\&quot; href=\\&quot;#\\&quot;&gt;&lt;\\\/a&gt;&quot;}' data-parsed-attrs='{\"id\":\"2007\",\"cache\":true}'><div id=\"envira-gallery-item-2008\" class=\"envira-gallery-item envira-gallery-item-1 envira-lazy-load\" style=\"padding-left: 5px; padding-bottom: 10px; padding-right: 5px;\"  itemscope itemtype=\"https:\/\/schema.org\/ImageObject\"><div class=\"envira-gallery-item-inner\"><div class=\"envira-gallery-position-overlay envira-gallery-top-left\"><\/div><div class=\"envira-gallery-position-overlay envira-gallery-top-right\"><\/div><div class=\"envira-gallery-position-overlay envira-gallery-bottom-left\"><\/div><div class=\"envira-gallery-position-overlay envira-gallery-bottom-right\"><\/div><a class=\"envira-gallery-2007 envira-gallery-link\" href=\"https:\/\/oamarquitectos.es\/wp-content\/uploads\/2020\/12\/01-4.jpg\" title=\"01\" data-caption=\"\" data-envira-item-id=\"2008\" data-envira-retina=\"https:\/\/oamarquitectos.es\/wp-content\/uploads\/2020\/12\/01-4.jpg\" data-thumb=\"https:\/\/oamarquitectos.es\/wp-content\/uploads\/2020\/12\/01-4-75x50_c.jpg\" data-title=\"01\" data-envirabox='2007' itemprop=\"contentUrl\"><img decoding=\"async\" src=\"https:\/\/oamarquitectos.es\/wp-content\/uploads\/2020\/12\/01-4-1024x576.jpg\" alt=\"\" class=\"envira-gallery-image envira-gallery-image-1    envira-lazy\" height=\"480\" id=\"envira-gallery-image-2008\" srcset=\"data:image\/gif;base64,R0lGODlhAQABAIAAAP\/\/\/\/\/\/\/yH5BAEKAAEALAAAAAABAAEAAAICTAEAOw==\" tabindex=\"-1\" title=\"01\" width=\"640\" data-caption=\"\" data-envira-gallery-id=\"2007\" data-envira-index=\"0\" data-envira-item-id=\"2008\" data-envira-src=\"https:\/\/oamarquitectos.es\/wp-content\/uploads\/2020\/12\/01-4-1024x576.jpg\" data-envira-srcset=\"https:\/\/oamarquitectos.es\/wp-content\/uploads\/2020\/12\/01-4-1024x576.jpg 400w, https:\/\/oamarquitectos.es\/wp-content\/uploads\/2020\/12\/01-4-1024x576.jpg 2x\" data-title=\"01\" itemprop=\"thumbnailUrl\"  data-envirabox=\"2007\" data-automatic-caption=\"\" data-envira-height=\"169\" data-envira-width=\"300\" \/><\/a><\/div><\/div><div id=\"envira-gallery-item-2010\" class=\"envira-gallery-item envira-gallery-item-2 envira-lazy-load\" style=\"padding-left: 5px; padding-bottom: 10px; padding-right: 5px;\"  itemscope itemtype=\"https:\/\/schema.org\/ImageObject\"><div class=\"envira-gallery-item-inner\"><div class=\"envira-gallery-position-overlay envira-gallery-top-left\"><\/div><div class=\"envira-gallery-position-overlay envira-gallery-top-right\"><\/div><div class=\"envira-gallery-position-overlay envira-gallery-bottom-left\"><\/div><div class=\"envira-gallery-position-overlay envira-gallery-bottom-right\"><\/div><a class=\"envira-gallery-2007 envira-gallery-link\" href=\"https:\/\/oamarquitectos.es\/wp-content\/uploads\/2020\/12\/02-3.jpg\" title=\"02\" data-caption=\"\" data-envira-item-id=\"2010\" data-envira-retina=\"https:\/\/oamarquitectos.es\/wp-content\/uploads\/2020\/12\/02-3.jpg\" data-thumb=\"https:\/\/oamarquitectos.es\/wp-content\/uploads\/2020\/12\/02-3-75x50_c.jpg\" data-title=\"02\" data-envirabox='2007' itemprop=\"contentUrl\"><img decoding=\"async\" src=\"https:\/\/oamarquitectos.es\/wp-content\/uploads\/2020\/12\/02-3-1024x576.jpg\" alt=\"\" class=\"envira-gallery-image envira-gallery-image-2    envira-lazy\" height=\"480\" id=\"envira-gallery-image-2010\" srcset=\"data:image\/gif;base64,R0lGODlhAQABAIAAAP\/\/\/\/\/\/\/yH5BAEKAAEALAAAAAABAAEAAAICTAEAOw==\" tabindex=\"-1\" title=\"02\" width=\"640\" data-caption=\"\" data-envira-gallery-id=\"2007\" data-envira-index=\"1\" data-envira-item-id=\"2010\" data-envira-src=\"https:\/\/oamarquitectos.es\/wp-content\/uploads\/2020\/12\/02-3-1024x576.jpg\" data-envira-srcset=\"https:\/\/oamarquitectos.es\/wp-content\/uploads\/2020\/12\/02-3-1024x576.jpg 400w, https:\/\/oamarquitectos.es\/wp-content\/uploads\/2020\/12\/02-3-1024x576.jpg 2x\" data-title=\"02\" itemprop=\"thumbnailUrl\"  data-envirabox=\"2007\" data-automatic-caption=\"\" data-envira-height=\"169\" data-envira-width=\"300\" \/><\/a><\/div><\/div><div id=\"envira-gallery-item-2012\" class=\"envira-gallery-item envira-gallery-item-3 envira-lazy-load\" style=\"padding-left: 5px; padding-bottom: 10px; padding-right: 5px;\"  itemscope itemtype=\"https:\/\/schema.org\/ImageObject\"><div class=\"envira-gallery-item-inner\"><div class=\"envira-gallery-position-overlay envira-gallery-top-left\"><\/div><div class=\"envira-gallery-position-overlay envira-gallery-top-right\"><\/div><div class=\"envira-gallery-position-overlay envira-gallery-bottom-left\"><\/div><div class=\"envira-gallery-position-overlay envira-gallery-bottom-right\"><\/div><a class=\"envira-gallery-2007 envira-gallery-link\" href=\"https:\/\/oamarquitectos.es\/wp-content\/uploads\/2020\/12\/03-3.jpg\" title=\"03\" data-caption=\"\" data-envira-item-id=\"2012\" data-envira-retina=\"https:\/\/oamarquitectos.es\/wp-content\/uploads\/2020\/12\/03-3.jpg\" data-thumb=\"https:\/\/oamarquitectos.es\/wp-content\/uploads\/2020\/12\/03-3-75x50_c.jpg\" data-title=\"03\" data-envirabox='2007' itemprop=\"contentUrl\"><img decoding=\"async\" src=\"https:\/\/oamarquitectos.es\/wp-content\/uploads\/2020\/12\/03-3-1024x576.jpg\" alt=\"\" class=\"envira-gallery-image envira-gallery-image-3    envira-lazy\" height=\"480\" id=\"envira-gallery-image-2012\" srcset=\"data:image\/gif;base64,R0lGODlhAQABAIAAAP\/\/\/\/\/\/\/yH5BAEKAAEALAAAAAABAAEAAAICTAEAOw==\" tabindex=\"-1\" title=\"03\" width=\"640\" data-caption=\"\" data-envira-gallery-id=\"2007\" data-envira-index=\"2\" data-envira-item-id=\"2012\" data-envira-src=\"https:\/\/oamarquitectos.es\/wp-content\/uploads\/2020\/12\/03-3-1024x576.jpg\" data-envira-srcset=\"https:\/\/oamarquitectos.es\/wp-content\/uploads\/2020\/12\/03-3-1024x576.jpg 400w, https:\/\/oamarquitectos.es\/wp-content\/uploads\/2020\/12\/03-3-1024x576.jpg 2x\" data-title=\"03\" itemprop=\"thumbnailUrl\"  data-envirabox=\"2007\" data-automatic-caption=\"\" data-envira-height=\"169\" data-envira-width=\"300\" \/><\/a><\/div><\/div><div id=\"envira-gallery-item-2014\" class=\"envira-gallery-item envira-gallery-item-4 envira-lazy-load\" style=\"padding-left: 5px; padding-bottom: 10px; padding-right: 5px;\"  itemscope itemtype=\"https:\/\/schema.org\/ImageObject\"><div class=\"envira-gallery-item-inner\"><div class=\"envira-gallery-position-overlay envira-gallery-top-left\"><\/div><div class=\"envira-gallery-position-overlay envira-gallery-top-right\"><\/div><div class=\"envira-gallery-position-overlay envira-gallery-bottom-left\"><\/div><div class=\"envira-gallery-position-overlay envira-gallery-bottom-right\"><\/div><a class=\"envira-gallery-2007 envira-gallery-link\" href=\"https:\/\/oamarquitectos.es\/wp-content\/uploads\/2020\/12\/04-3.jpg\" title=\"04\" data-caption=\"\" data-envira-item-id=\"2014\" data-envira-retina=\"https:\/\/oamarquitectos.es\/wp-content\/uploads\/2020\/12\/04-3.jpg\" data-thumb=\"https:\/\/oamarquitectos.es\/wp-content\/uploads\/2020\/12\/04-3-75x50_c.jpg\" data-title=\"04\" data-envirabox='2007' itemprop=\"contentUrl\"><img decoding=\"async\" src=\"https:\/\/oamarquitectos.es\/wp-content\/uploads\/2020\/12\/04-3-1024x576.jpg\" alt=\"\" class=\"envira-gallery-image envira-gallery-image-4    envira-lazy\" height=\"480\" id=\"envira-gallery-image-2014\" srcset=\"data:image\/gif;base64,R0lGODlhAQABAIAAAP\/\/\/\/\/\/\/yH5BAEKAAEALAAAAAABAAEAAAICTAEAOw==\" tabindex=\"-1\" title=\"04\" width=\"640\" data-caption=\"\" data-envira-gallery-id=\"2007\" data-envira-index=\"3\" data-envira-item-id=\"2014\" data-envira-src=\"https:\/\/oamarquitectos.es\/wp-content\/uploads\/2020\/12\/04-3-1024x576.jpg\" data-envira-srcset=\"https:\/\/oamarquitectos.es\/wp-content\/uploads\/2020\/12\/04-3-1024x576.jpg 400w, https:\/\/oamarquitectos.es\/wp-content\/uploads\/2020\/12\/04-3-1024x576.jpg 2x\" data-title=\"04\" itemprop=\"thumbnailUrl\"  data-envirabox=\"2007\" data-automatic-caption=\"\" data-envira-height=\"169\" data-envira-width=\"300\" \/><\/a><\/div><\/div><div id=\"envira-gallery-item-2016\" class=\"envira-gallery-item envira-gallery-item-5 envira-lazy-load\" style=\"padding-left: 5px; padding-bottom: 10px; padding-right: 5px;\"  itemscope itemtype=\"https:\/\/schema.org\/ImageObject\"><div class=\"envira-gallery-item-inner\"><div class=\"envira-gallery-position-overlay envira-gallery-top-left\"><\/div><div class=\"envira-gallery-position-overlay envira-gallery-top-right\"><\/div><div class=\"envira-gallery-position-overlay envira-gallery-bottom-left\"><\/div><div class=\"envira-gallery-position-overlay envira-gallery-bottom-right\"><\/div><a class=\"envira-gallery-2007 envira-gallery-link\" href=\"https:\/\/oamarquitectos.es\/wp-content\/uploads\/2020\/12\/05-3.jpg\" title=\"05\" data-caption=\"\" data-envira-item-id=\"2016\" data-envira-retina=\"https:\/\/oamarquitectos.es\/wp-content\/uploads\/2020\/12\/05-3.jpg\" data-thumb=\"https:\/\/oamarquitectos.es\/wp-content\/uploads\/2020\/12\/05-3-75x50_c.jpg\" data-title=\"05\" data-envirabox='2007' itemprop=\"contentUrl\"><img decoding=\"async\" src=\"https:\/\/oamarquitectos.es\/wp-content\/uploads\/2020\/12\/05-3-1024x576.jpg\" alt=\"\" class=\"envira-gallery-image envira-gallery-image-5    envira-lazy\" height=\"480\" id=\"envira-gallery-image-2016\" srcset=\"data:image\/gif;base64,R0lGODlhAQABAIAAAP\/\/\/\/\/\/\/yH5BAEKAAEALAAAAAABAAEAAAICTAEAOw==\" tabindex=\"-1\" title=\"05\" width=\"640\" data-caption=\"\" data-envira-gallery-id=\"2007\" data-envira-index=\"4\" data-envira-item-id=\"2016\" data-envira-src=\"https:\/\/oamarquitectos.es\/wp-content\/uploads\/2020\/12\/05-3-1024x576.jpg\" data-envira-srcset=\"https:\/\/oamarquitectos.es\/wp-content\/uploads\/2020\/12\/05-3-1024x576.jpg 400w, https:\/\/oamarquitectos.es\/wp-content\/uploads\/2020\/12\/05-3-1024x576.jpg 2x\" data-title=\"05\" itemprop=\"thumbnailUrl\"  data-envirabox=\"2007\" data-automatic-caption=\"\" data-envira-height=\"169\" data-envira-width=\"300\" \/><\/a><\/div><\/div><div id=\"envira-gallery-item-2018\" class=\"envira-gallery-item envira-gallery-item-6 envira-lazy-load\" style=\"padding-left: 5px; padding-bottom: 10px; padding-right: 5px;\"  itemscope itemtype=\"https:\/\/schema.org\/ImageObject\"><div class=\"envira-gallery-item-inner\"><div class=\"envira-gallery-position-overlay envira-gallery-top-left\"><\/div><div class=\"envira-gallery-position-overlay envira-gallery-top-right\"><\/div><div class=\"envira-gallery-position-overlay envira-gallery-bottom-left\"><\/div><div class=\"envira-gallery-position-overlay envira-gallery-bottom-right\"><\/div><a class=\"envira-gallery-2007 envira-gallery-link\" href=\"https:\/\/oamarquitectos.es\/wp-content\/uploads\/2020\/12\/06-3.jpg\" title=\"06\" data-caption=\"\" data-envira-item-id=\"2018\" data-envira-retina=\"https:\/\/oamarquitectos.es\/wp-content\/uploads\/2020\/12\/06-3.jpg\" data-thumb=\"https:\/\/oamarquitectos.es\/wp-content\/uploads\/2020\/12\/06-3-75x50_c.jpg\" data-title=\"06\" data-envirabox='2007' itemprop=\"contentUrl\"><img decoding=\"async\" src=\"https:\/\/oamarquitectos.es\/wp-content\/uploads\/2020\/12\/06-3-1024x576.jpg\" alt=\"\" class=\"envira-gallery-image envira-gallery-image-6    envira-lazy\" height=\"480\" id=\"envira-gallery-image-2018\" srcset=\"data:image\/gif;base64,R0lGODlhAQABAIAAAP\/\/\/\/\/\/\/yH5BAEKAAEALAAAAAABAAEAAAICTAEAOw==\" tabindex=\"-1\" title=\"06\" width=\"640\" data-caption=\"\" data-envira-gallery-id=\"2007\" data-envira-index=\"5\" data-envira-item-id=\"2018\" data-envira-src=\"https:\/\/oamarquitectos.es\/wp-content\/uploads\/2020\/12\/06-3-1024x576.jpg\" data-envira-srcset=\"https:\/\/oamarquitectos.es\/wp-content\/uploads\/2020\/12\/06-3-1024x576.jpg 400w, https:\/\/oamarquitectos.es\/wp-content\/uploads\/2020\/12\/06-3-1024x576.jpg 2x\" data-title=\"06\" itemprop=\"thumbnailUrl\"  data-envirabox=\"2007\" data-automatic-caption=\"\" data-envira-height=\"169\" data-envira-width=\"300\" \/><\/a><\/div><\/div><div id=\"envira-gallery-item-2020\" class=\"envira-gallery-item envira-gallery-item-7 envira-lazy-load\" style=\"padding-left: 5px; padding-bottom: 10px; padding-right: 5px;\"  itemscope itemtype=\"https:\/\/schema.org\/ImageObject\"><div class=\"envira-gallery-item-inner\"><div class=\"envira-gallery-position-overlay envira-gallery-top-left\"><\/div><div class=\"envira-gallery-position-overlay envira-gallery-top-right\"><\/div><div class=\"envira-gallery-position-overlay envira-gallery-bottom-left\"><\/div><div class=\"envira-gallery-position-overlay envira-gallery-bottom-right\"><\/div><a class=\"envira-gallery-2007 envira-gallery-link\" href=\"https:\/\/oamarquitectos.es\/wp-content\/uploads\/2020\/12\/07-1.jpg\" title=\"07\" data-caption=\"\" data-envira-item-id=\"2020\" data-envira-retina=\"https:\/\/oamarquitectos.es\/wp-content\/uploads\/2020\/12\/07-1.jpg\" data-thumb=\"https:\/\/oamarquitectos.es\/wp-content\/uploads\/2020\/12\/07-1-75x50_c.jpg\" data-title=\"07\" data-envirabox='2007' itemprop=\"contentUrl\"><img decoding=\"async\" src=\"https:\/\/oamarquitectos.es\/wp-content\/uploads\/2020\/12\/07-1-1024x576.jpg\" alt=\"\" class=\"envira-gallery-image envira-gallery-image-7    envira-lazy\" height=\"480\" id=\"envira-gallery-image-2020\" srcset=\"data:image\/gif;base64,R0lGODlhAQABAIAAAP\/\/\/\/\/\/\/yH5BAEKAAEALAAAAAABAAEAAAICTAEAOw==\" tabindex=\"-1\" title=\"07\" width=\"640\" data-caption=\"\" data-envira-gallery-id=\"2007\" data-envira-index=\"6\" data-envira-item-id=\"2020\" data-envira-src=\"https:\/\/oamarquitectos.es\/wp-content\/uploads\/2020\/12\/07-1-1024x576.jpg\" data-envira-srcset=\"https:\/\/oamarquitectos.es\/wp-content\/uploads\/2020\/12\/07-1-1024x576.jpg 400w, https:\/\/oamarquitectos.es\/wp-content\/uploads\/2020\/12\/07-1-1024x576.jpg 2x\" data-title=\"07\" itemprop=\"thumbnailUrl\"  data-envirabox=\"2007\" data-automatic-caption=\"\" data-envira-height=\"169\" data-envira-width=\"300\" \/><\/a><\/div><\/div><div id=\"envira-gallery-item-2022\" class=\"envira-gallery-item envira-gallery-item-8 envira-lazy-load\" style=\"padding-left: 5px; padding-bottom: 10px; padding-right: 5px;\"  itemscope itemtype=\"https:\/\/schema.org\/ImageObject\"><div class=\"envira-gallery-item-inner\"><div class=\"envira-gallery-position-overlay envira-gallery-top-left\"><\/div><div class=\"envira-gallery-position-overlay envira-gallery-top-right\"><\/div><div class=\"envira-gallery-position-overlay envira-gallery-bottom-left\"><\/div><div class=\"envira-gallery-position-overlay envira-gallery-bottom-right\"><\/div><a class=\"envira-gallery-2007 envira-gallery-link\" href=\"https:\/\/oamarquitectos.es\/wp-content\/uploads\/2020\/12\/08-1.jpg\" title=\"08\" data-caption=\"\" data-envira-item-id=\"2022\" data-envira-retina=\"https:\/\/oamarquitectos.es\/wp-content\/uploads\/2020\/12\/08-1.jpg\" data-thumb=\"https:\/\/oamarquitectos.es\/wp-content\/uploads\/2020\/12\/08-1-75x50_c.jpg\" data-title=\"08\" data-envirabox='2007' itemprop=\"contentUrl\"><img decoding=\"async\" src=\"https:\/\/oamarquitectos.es\/wp-content\/uploads\/2020\/12\/08-1-1024x576.jpg\" alt=\"\" class=\"envira-gallery-image envira-gallery-image-8    envira-lazy\" height=\"480\" id=\"envira-gallery-image-2022\" srcset=\"data:image\/gif;base64,R0lGODlhAQABAIAAAP\/\/\/\/\/\/\/yH5BAEKAAEALAAAAAABAAEAAAICTAEAOw==\" tabindex=\"-1\" title=\"08\" width=\"640\" data-caption=\"\" data-envira-gallery-id=\"2007\" data-envira-index=\"7\" data-envira-item-id=\"2022\" data-envira-src=\"https:\/\/oamarquitectos.es\/wp-content\/uploads\/2020\/12\/08-1-1024x576.jpg\" data-envira-srcset=\"https:\/\/oamarquitectos.es\/wp-content\/uploads\/2020\/12\/08-1-1024x576.jpg 400w, https:\/\/oamarquitectos.es\/wp-content\/uploads\/2020\/12\/08-1-1024x576.jpg 2x\" data-title=\"08\" itemprop=\"thumbnailUrl\"  data-envirabox=\"2007\" data-automatic-caption=\"\" data-envira-height=\"169\" data-envira-width=\"300\" \/><\/a><\/div><\/div><\/div><\/div><noscript><img src='https:\/\/oamarquitectos.es\/wp-content\/uploads\/2020\/12\/01-4.jpg' alt='' class='envira_noscript_images ' \/><img src='https:\/\/oamarquitectos.es\/wp-content\/uploads\/2020\/12\/02-3.jpg' alt='' class='envira_noscript_images ' \/><img src='https:\/\/oamarquitectos.es\/wp-content\/uploads\/2020\/12\/03-3.jpg' alt='' class='envira_noscript_images ' \/><img src='https:\/\/oamarquitectos.es\/wp-content\/uploads\/2020\/12\/04-3.jpg' alt='' class='envira_noscript_images ' \/><img src='https:\/\/oamarquitectos.es\/wp-content\/uploads\/2020\/12\/05-3.jpg' alt='' class='envira_noscript_images ' \/><img src='https:\/\/oamarquitectos.es\/wp-content\/uploads\/2020\/12\/06-3.jpg' alt='' class='envira_noscript_images ' \/><img src='https:\/\/oamarquitectos.es\/wp-content\/uploads\/2020\/12\/07-1.jpg' alt='' class='envira_noscript_images ' \/><img src='https:\/\/oamarquitectos.es\/wp-content\/uploads\/2020\/12\/08-1.jpg' alt='' class='envira_noscript_images ' \/><\/noscript>\n\n\n\n<h2 class=\"gb-headline gb-headline-78de7db9 gb-headline-text\">DESCRIPTION<\/h2>\n\n\n\n<p><span style=\"color:#777777\" class=\"has-inline-color\">The &#8220;cloud house&#8221; is located in V\u00e9lez-M\u00e1laga, between the Sierra de Tejeda and the Mediterranean Sea. The 500 m2plot has several grapefruits. Around one of them, a central patio structures the housing program in two floors and a basement. The project takes care of privacy, study the most favorable sunlight and the relationship of the ground floor with the landscaped space of the plot as a living extension of the interior rooms.<br>The day house, open to the plot, is a continuous space, free of pillars, that organizes the uses of the living room-patio-study-kitchen and dining room. On the first floor, the night house groups together the bedrooms with individual patios that protect from possible views of neighboring homes. The independence of the first floor with respect to the ground floor, makes it a floating house, a silent \u201ccloud\u201d, under whose protection the daily tasks open to the patio and garden. Next to the central patio, different shaded areas improve thermal comfort of the house and expand the ways of living it.<\/span><\/p>\n\n\n<div class=\"gb-grid-wrapper gb-grid-wrapper-0aaafdbe\">\n<div class=\"gb-grid-column gb-grid-column-09c6cb56\"><div class=\"gb-container gb-container-09c6cb56\"><div class=\"gb-inside-container\">\n\n<h2 class=\"wp-block-heading\">TECHNICAL DATA<\/h2>\n\n\n\n<p style=\"font-size:14px\"><span class=\"gris_pre\">Architects:<\/span> I\u00f1aki P\u00e9rez de la Fuente + Cristina Garc\u00eda Baeza<br><span class=\"gris_pre\">Collaborators:<\/span> <br>Marta Iglesias Rando. Jos\u00e9 Garc\u00eda Garc\u00eda. Architects<br>Antonio Mat\u00e1s Moreno. Civil Engineer<br><span style=\"color:#777777\" class=\"has-inline-color\">Structure Engineering:<\/span> JC Ingenier\u00eda. <span style=\"color:#777777\" class=\"has-inline-color\">Facilities Engineering:<\/span> Alejandro Cabanas<br><span class=\"gris_pre\">Location:<\/span> Torre del Mar. V\u00e9lez-M\u00e1laga<br><span style=\"color:#777777\" class=\"has-inline-color\">Area:<\/span> 278,47 m\u00b2<br><span class=\"gris_pre\">Client:<\/span> Private<br><span class=\"gris_pre\">Project:<\/span> 2016<br><span class=\"gris_pre\">Construction Company:<\/span> Gerecons Construcciones<br><span class=\"gris_pre\">Photograph:<\/span> Jes\u00fas Granada \/ OAM arquitectos<\/p>\n\n<\/div><\/div><\/div>\n\n<div class=\"gb-grid-column gb-grid-column-cd03b0f4\"><div class=\"gb-container gb-container-cd03b0f4\"><div class=\"gb-inside-container\"><\/div><\/div><\/div>\n<\/div>\n<\/div><\/div>\n<\/div><\/div><\/div>\n<\/div>","protected":false},"excerpt":{"rendered":"","protected":false},"author":3,"featured_media":1986,"comment_status":"closed","ping_status":"closed","sticky":false,"template":"","format":"standard","meta":{"footnotes":""},"categories":[126],"tags":[128,129,130,131,132,54,133,134,135,35,137,138,139,149,150,140,141,142,143,144,145],"class_list":["post-2149","post","type-post","status-publish","format-standard","has-post-thumbnail","hentry","category-housing","tag-arquitectura-en","tag-arquitectura-andaluza-en","tag-arquitectura-espanola-en","tag-arquitectura-mediterranea-en","tag-blanco-en","tag-costa-del-sol","tag-eco-sostenible-en","tag-luz-en","tag-luz-del-sol-en","tag-malaga","tag-mediterraneo-en","tag-minimalismo-en","tag-patios-en","tag-torre-del-mar-en","tag-velez-malaga-en","tag-verde-en","tag-vida-mediterranea-en","tag-vivienda-en","tag-vivienda-costa-del-sol-en","tag-vivienda-minimalista-en","tag-vivienda-unifamiliar-en","masonry-post","generate-columns","tablet-grid-50","mobile-grid-100","grid-parent","grid-33","no-featured-image-padding"],"yoast_head":"<!-- This site is optimized with the Yoast SEO plugin v27.4 - https:\/\/yoast.com\/product\/yoast-seo-wordpress\/ -->\n<title>CLOUD HOUSE - OFICINA DE ARQUITECTURA MALAGA<\/title>\n<meta name=\"robots\" content=\"index, follow, max-snippet:-1, max-image-preview:large, max-video-preview:-1\" \/>\n<link rel=\"canonical\" href=\"https:\/\/oamarquitectos.es\/en\/casa-nube-2\/\" \/>\n<meta property=\"og:locale\" content=\"en_US\" \/>\n<meta property=\"og:type\" content=\"article\" \/>\n<meta property=\"og:title\" content=\"CLOUD HOUSE - OFICINA DE ARQUITECTURA MALAGA\" \/>\n<meta property=\"og:url\" content=\"https:\/\/oamarquitectos.es\/en\/casa-nube-2\/\" \/>\n<meta property=\"og:site_name\" content=\"OFICINA DE ARQUITECTURA MALAGA\" \/>\n<meta property=\"article:published_time\" content=\"2021-01-17T17:34:58+00:00\" \/>\n<meta property=\"article:modified_time\" content=\"2021-02-01T11:50:57+00:00\" \/>\n<meta property=\"og:image\" content=\"https:\/\/oamarquitectos.es\/wp-content\/uploads\/2020\/12\/00-FOTO-0-PRINCIPAL-6.jpg\" \/>\n\t<meta property=\"og:image:width\" content=\"630\" \/>\n\t<meta property=\"og:image:height\" content=\"630\" \/>\n\t<meta property=\"og:image:type\" content=\"image\/jpeg\" \/>\n<meta name=\"author\" content=\"admin\" \/>\n<meta name=\"twitter:card\" content=\"summary_large_image\" \/>\n<script type=\"application\/ld+json\" class=\"yoast-schema-graph\">{\"@context\":\"https:\\\/\\\/schema.org\",\"@graph\":[{\"@type\":\"Article\",\"@id\":\"https:\\\/\\\/oamarquitectos.es\\\/en\\\/casa-nube-2\\\/#article\",\"isPartOf\":{\"@id\":\"https:\\\/\\\/oamarquitectos.es\\\/en\\\/casa-nube-2\\\/\"},\"author\":{\"name\":\"admin\",\"@id\":\"https:\\\/\\\/oamarquitectos.es\\\/en\\\/#\\\/schema\\\/person\\\/d121d440a16954c930891dd2be1acbd0\"},\"headline\":\"CLOUD HOUSE\",\"datePublished\":\"2021-01-17T17:34:58+00:00\",\"dateModified\":\"2021-02-01T11:50:57+00:00\",\"mainEntityOfPage\":{\"@id\":\"https:\\\/\\\/oamarquitectos.es\\\/en\\\/casa-nube-2\\\/\"},\"wordCount\":256,\"publisher\":{\"@id\":\"https:\\\/\\\/oamarquitectos.es\\\/en\\\/#organization\"},\"image\":{\"@id\":\"https:\\\/\\\/oamarquitectos.es\\\/en\\\/casa-nube-2\\\/#primaryimage\"},\"thumbnailUrl\":\"https:\\\/\\\/oamarquitectos.es\\\/wp-content\\\/uploads\\\/2020\\\/12\\\/00-FOTO-0-PRINCIPAL-6.jpg\",\"keywords\":[\"arquitectura\",\"arquitectura andaluza\",\"arquitectura espa\u00f1ola\",\"arquitectura mediterranea\",\"blanco\",\"costa del sol\",\"eco sostenible\",\"luz\",\"luz del sol\",\"malaga\",\"mediterraneo\",\"minimalismo\",\"patios\",\"torre del mar\",\"velez malaga\",\"verde\",\"vida mediterranea\",\"vivienda\",\"vivienda costa del sol\",\"vivienda minimalista\",\"vivienda unifamiliar\"],\"articleSection\":[\"Housing\"],\"inLanguage\":\"en-US\"},{\"@type\":\"WebPage\",\"@id\":\"https:\\\/\\\/oamarquitectos.es\\\/en\\\/casa-nube-2\\\/\",\"url\":\"https:\\\/\\\/oamarquitectos.es\\\/en\\\/casa-nube-2\\\/\",\"name\":\"CLOUD HOUSE - OFICINA DE ARQUITECTURA MALAGA\",\"isPartOf\":{\"@id\":\"https:\\\/\\\/oamarquitectos.es\\\/en\\\/#website\"},\"primaryImageOfPage\":{\"@id\":\"https:\\\/\\\/oamarquitectos.es\\\/en\\\/casa-nube-2\\\/#primaryimage\"},\"image\":{\"@id\":\"https:\\\/\\\/oamarquitectos.es\\\/en\\\/casa-nube-2\\\/#primaryimage\"},\"thumbnailUrl\":\"https:\\\/\\\/oamarquitectos.es\\\/wp-content\\\/uploads\\\/2020\\\/12\\\/00-FOTO-0-PRINCIPAL-6.jpg\",\"datePublished\":\"2021-01-17T17:34:58+00:00\",\"dateModified\":\"2021-02-01T11:50:57+00:00\",\"breadcrumb\":{\"@id\":\"https:\\\/\\\/oamarquitectos.es\\\/en\\\/casa-nube-2\\\/#breadcrumb\"},\"inLanguage\":\"en-US\",\"potentialAction\":[{\"@type\":\"ReadAction\",\"target\":[\"https:\\\/\\\/oamarquitectos.es\\\/en\\\/casa-nube-2\\\/\"]}]},{\"@type\":\"ImageObject\",\"inLanguage\":\"en-US\",\"@id\":\"https:\\\/\\\/oamarquitectos.es\\\/en\\\/casa-nube-2\\\/#primaryimage\",\"url\":\"https:\\\/\\\/oamarquitectos.es\\\/wp-content\\\/uploads\\\/2020\\\/12\\\/00-FOTO-0-PRINCIPAL-6.jpg\",\"contentUrl\":\"https:\\\/\\\/oamarquitectos.es\\\/wp-content\\\/uploads\\\/2020\\\/12\\\/00-FOTO-0-PRINCIPAL-6.jpg\",\"width\":630,\"height\":630},{\"@type\":\"BreadcrumbList\",\"@id\":\"https:\\\/\\\/oamarquitectos.es\\\/en\\\/casa-nube-2\\\/#breadcrumb\",\"itemListElement\":[{\"@type\":\"ListItem\",\"position\":1,\"name\":\"Portada\",\"item\":\"https:\\\/\\\/oamarquitectos.es\\\/en\\\/\"},{\"@type\":\"ListItem\",\"position\":2,\"name\":\"CLOUD HOUSE\"}]},{\"@type\":\"WebSite\",\"@id\":\"https:\\\/\\\/oamarquitectos.es\\\/en\\\/#website\",\"url\":\"https:\\\/\\\/oamarquitectos.es\\\/en\\\/\",\"name\":\"OFICINA DE ARQUITECTURA MALAGA\",\"description\":\"Estudio de arquitectura con sede en M\u00e1laga con trabajos alrededor del mundo\",\"publisher\":{\"@id\":\"https:\\\/\\\/oamarquitectos.es\\\/en\\\/#organization\"},\"potentialAction\":[{\"@type\":\"SearchAction\",\"target\":{\"@type\":\"EntryPoint\",\"urlTemplate\":\"https:\\\/\\\/oamarquitectos.es\\\/en\\\/?s={search_term_string}\"},\"query-input\":{\"@type\":\"PropertyValueSpecification\",\"valueRequired\":true,\"valueName\":\"search_term_string\"}}],\"inLanguage\":\"en-US\"},{\"@type\":\"Organization\",\"@id\":\"https:\\\/\\\/oamarquitectos.es\\\/en\\\/#organization\",\"name\":\"OamArquitectos\",\"url\":\"https:\\\/\\\/oamarquitectos.es\\\/en\\\/\",\"logo\":{\"@type\":\"ImageObject\",\"inLanguage\":\"en-US\",\"@id\":\"https:\\\/\\\/oamarquitectos.es\\\/en\\\/#\\\/schema\\\/logo\\\/image\\\/\",\"url\":\"https:\\\/\\\/oamarquitectos.es\\\/wp-content\\\/uploads\\\/2020\\\/12\\\/LOGO-WEB-ESP-1.jpg\",\"contentUrl\":\"https:\\\/\\\/oamarquitectos.es\\\/wp-content\\\/uploads\\\/2020\\\/12\\\/LOGO-WEB-ESP-1.jpg\",\"width\":400,\"height\":48,\"caption\":\"OamArquitectos\"},\"image\":{\"@id\":\"https:\\\/\\\/oamarquitectos.es\\\/en\\\/#\\\/schema\\\/logo\\\/image\\\/\"}},{\"@type\":\"Person\",\"@id\":\"https:\\\/\\\/oamarquitectos.es\\\/en\\\/#\\\/schema\\\/person\\\/d121d440a16954c930891dd2be1acbd0\",\"name\":\"admin\",\"image\":{\"@type\":\"ImageObject\",\"inLanguage\":\"en-US\",\"@id\":\"https:\\\/\\\/oamarquitectos.es\\\/wp-content\\\/litespeed\\\/avatar\\\/3254094ed6f9425d592dee0993e2ff49.jpg?ver=1776796711\",\"url\":\"https:\\\/\\\/oamarquitectos.es\\\/wp-content\\\/litespeed\\\/avatar\\\/3254094ed6f9425d592dee0993e2ff49.jpg?ver=1776796711\",\"contentUrl\":\"https:\\\/\\\/oamarquitectos.es\\\/wp-content\\\/litespeed\\\/avatar\\\/3254094ed6f9425d592dee0993e2ff49.jpg?ver=1776796711\",\"caption\":\"admin\"},\"sameAs\":[\"https:\\\/\\\/oamarquitectos.es\"]}]}<\/script>\n<!-- \/ Yoast SEO plugin. -->","yoast_head_json":{"title":"CLOUD HOUSE - OFICINA DE ARQUITECTURA MALAGA","robots":{"index":"index","follow":"follow","max-snippet":"max-snippet:-1","max-image-preview":"max-image-preview:large","max-video-preview":"max-video-preview:-1"},"canonical":"https:\/\/oamarquitectos.es\/en\/casa-nube-2\/","og_locale":"en_US","og_type":"article","og_title":"CLOUD HOUSE - OFICINA DE ARQUITECTURA MALAGA","og_url":"https:\/\/oamarquitectos.es\/en\/casa-nube-2\/","og_site_name":"OFICINA DE ARQUITECTURA MALAGA","article_published_time":"2021-01-17T17:34:58+00:00","article_modified_time":"2021-02-01T11:50:57+00:00","og_image":[{"width":630,"height":630,"url":"https:\/\/oamarquitectos.es\/wp-content\/uploads\/2020\/12\/00-FOTO-0-PRINCIPAL-6.jpg","type":"image\/jpeg"}],"author":"admin","twitter_card":"summary_large_image","schema":{"@context":"https:\/\/schema.org","@graph":[{"@type":"Article","@id":"https:\/\/oamarquitectos.es\/en\/casa-nube-2\/#article","isPartOf":{"@id":"https:\/\/oamarquitectos.es\/en\/casa-nube-2\/"},"author":{"name":"admin","@id":"https:\/\/oamarquitectos.es\/en\/#\/schema\/person\/d121d440a16954c930891dd2be1acbd0"},"headline":"CLOUD HOUSE","datePublished":"2021-01-17T17:34:58+00:00","dateModified":"2021-02-01T11:50:57+00:00","mainEntityOfPage":{"@id":"https:\/\/oamarquitectos.es\/en\/casa-nube-2\/"},"wordCount":256,"publisher":{"@id":"https:\/\/oamarquitectos.es\/en\/#organization"},"image":{"@id":"https:\/\/oamarquitectos.es\/en\/casa-nube-2\/#primaryimage"},"thumbnailUrl":"https:\/\/oamarquitectos.es\/wp-content\/uploads\/2020\/12\/00-FOTO-0-PRINCIPAL-6.jpg","keywords":["arquitectura","arquitectura andaluza","arquitectura espa\u00f1ola","arquitectura mediterranea","blanco","costa del sol","eco sostenible","luz","luz del sol","malaga","mediterraneo","minimalismo","patios","torre del mar","velez malaga","verde","vida mediterranea","vivienda","vivienda costa del sol","vivienda minimalista","vivienda unifamiliar"],"articleSection":["Housing"],"inLanguage":"en-US"},{"@type":"WebPage","@id":"https:\/\/oamarquitectos.es\/en\/casa-nube-2\/","url":"https:\/\/oamarquitectos.es\/en\/casa-nube-2\/","name":"CLOUD HOUSE - OFICINA DE ARQUITECTURA MALAGA","isPartOf":{"@id":"https:\/\/oamarquitectos.es\/en\/#website"},"primaryImageOfPage":{"@id":"https:\/\/oamarquitectos.es\/en\/casa-nube-2\/#primaryimage"},"image":{"@id":"https:\/\/oamarquitectos.es\/en\/casa-nube-2\/#primaryimage"},"thumbnailUrl":"https:\/\/oamarquitectos.es\/wp-content\/uploads\/2020\/12\/00-FOTO-0-PRINCIPAL-6.jpg","datePublished":"2021-01-17T17:34:58+00:00","dateModified":"2021-02-01T11:50:57+00:00","breadcrumb":{"@id":"https:\/\/oamarquitectos.es\/en\/casa-nube-2\/#breadcrumb"},"inLanguage":"en-US","potentialAction":[{"@type":"ReadAction","target":["https:\/\/oamarquitectos.es\/en\/casa-nube-2\/"]}]},{"@type":"ImageObject","inLanguage":"en-US","@id":"https:\/\/oamarquitectos.es\/en\/casa-nube-2\/#primaryimage","url":"https:\/\/oamarquitectos.es\/wp-content\/uploads\/2020\/12\/00-FOTO-0-PRINCIPAL-6.jpg","contentUrl":"https:\/\/oamarquitectos.es\/wp-content\/uploads\/2020\/12\/00-FOTO-0-PRINCIPAL-6.jpg","width":630,"height":630},{"@type":"BreadcrumbList","@id":"https:\/\/oamarquitectos.es\/en\/casa-nube-2\/#breadcrumb","itemListElement":[{"@type":"ListItem","position":1,"name":"Portada","item":"https:\/\/oamarquitectos.es\/en\/"},{"@type":"ListItem","position":2,"name":"CLOUD HOUSE"}]},{"@type":"WebSite","@id":"https:\/\/oamarquitectos.es\/en\/#website","url":"https:\/\/oamarquitectos.es\/en\/","name":"OFICINA DE ARQUITECTURA MALAGA","description":"Estudio de arquitectura con sede en M\u00e1laga con trabajos alrededor del mundo","publisher":{"@id":"https:\/\/oamarquitectos.es\/en\/#organization"},"potentialAction":[{"@type":"SearchAction","target":{"@type":"EntryPoint","urlTemplate":"https:\/\/oamarquitectos.es\/en\/?s={search_term_string}"},"query-input":{"@type":"PropertyValueSpecification","valueRequired":true,"valueName":"search_term_string"}}],"inLanguage":"en-US"},{"@type":"Organization","@id":"https:\/\/oamarquitectos.es\/en\/#organization","name":"OamArquitectos","url":"https:\/\/oamarquitectos.es\/en\/","logo":{"@type":"ImageObject","inLanguage":"en-US","@id":"https:\/\/oamarquitectos.es\/en\/#\/schema\/logo\/image\/","url":"https:\/\/oamarquitectos.es\/wp-content\/uploads\/2020\/12\/LOGO-WEB-ESP-1.jpg","contentUrl":"https:\/\/oamarquitectos.es\/wp-content\/uploads\/2020\/12\/LOGO-WEB-ESP-1.jpg","width":400,"height":48,"caption":"OamArquitectos"},"image":{"@id":"https:\/\/oamarquitectos.es\/en\/#\/schema\/logo\/image\/"}},{"@type":"Person","@id":"https:\/\/oamarquitectos.es\/en\/#\/schema\/person\/d121d440a16954c930891dd2be1acbd0","name":"admin","image":{"@type":"ImageObject","inLanguage":"en-US","@id":"https:\/\/oamarquitectos.es\/wp-content\/litespeed\/avatar\/3254094ed6f9425d592dee0993e2ff49.jpg?ver=1776796711","url":"https:\/\/oamarquitectos.es\/wp-content\/litespeed\/avatar\/3254094ed6f9425d592dee0993e2ff49.jpg?ver=1776796711","contentUrl":"https:\/\/oamarquitectos.es\/wp-content\/litespeed\/avatar\/3254094ed6f9425d592dee0993e2ff49.jpg?ver=1776796711","caption":"admin"},"sameAs":["https:\/\/oamarquitectos.es"]}]}},"_links":{"self":[{"href":"https:\/\/oamarquitectos.es\/en\/wp-json\/wp\/v2\/posts\/2149","targetHints":{"allow":["GET"]}}],"collection":[{"href":"https:\/\/oamarquitectos.es\/en\/wp-json\/wp\/v2\/posts"}],"about":[{"href":"https:\/\/oamarquitectos.es\/en\/wp-json\/wp\/v2\/types\/post"}],"author":[{"embeddable":true,"href":"https:\/\/oamarquitectos.es\/en\/wp-json\/wp\/v2\/users\/3"}],"replies":[{"embeddable":true,"href":"https:\/\/oamarquitectos.es\/en\/wp-json\/wp\/v2\/comments?post=2149"}],"version-history":[{"count":2,"href":"https:\/\/oamarquitectos.es\/en\/wp-json\/wp\/v2\/posts\/2149\/revisions"}],"predecessor-version":[{"id":2329,"href":"https:\/\/oamarquitectos.es\/en\/wp-json\/wp\/v2\/posts\/2149\/revisions\/2329"}],"wp:featuredmedia":[{"embeddable":true,"href":"https:\/\/oamarquitectos.es\/en\/wp-json\/wp\/v2\/media\/1986"}],"wp:attachment":[{"href":"https:\/\/oamarquitectos.es\/en\/wp-json\/wp\/v2\/media?parent=2149"}],"wp:term":[{"taxonomy":"category","embeddable":true,"href":"https:\/\/oamarquitectos.es\/en\/wp-json\/wp\/v2\/categories?post=2149"},{"taxonomy":"post_tag","embeddable":true,"href":"https:\/\/oamarquitectos.es\/en\/wp-json\/wp\/v2\/tags?post=2149"}],"curies":[{"name":"wp","href":"https:\/\/api.w.org\/{rel}","templated":true}]}}